{"id":5653,"date":"2022-09-01T11:24:00","date_gmt":"2022-09-01T10:24:00","guid":{"rendered":"https:\/\/serisolar.com\/pellicola-adesiva-anti-uv\/"},"modified":"2024-04-02T14:15:32","modified_gmt":"2024-04-02T14:15:32","slug":"uv-schutzende-klebefolien","status":"publish","type":"post","link":"https:\/\/serisolar.com\/de\/uv-schutzende-klebefolien\/","title":{"rendered":"UV-sch\u00fctzende Klebefolien: Lassen Sie uns herausfinden, worum es sich handelt"},"content":{"rendered":"\n<p>Heute stellen wir Ihnen dieses Produkt vor, das auf Glas aufgetragen wird und in der Lage ist, die Farben von allem zu erhalten, was der Sonne ausgesetzt ist.<\/p>\n\n\n\n<div class=\"wp-block-rank-math-toc-block\" id=\"rank-math-toc\"><h2>Inhalt<\/h2><nav><ul><li class=\"\"><a href=\"#die-uv-bestandige-klebefolie-gegen-das-verblassen-der-farben\">Die UV-best\u00e4ndige Klebefolie gegen das Verblassen der Farben<\/a><\/li><li class=\"\"><a href=\"#klebefolie-gegen-uv-strahlen-was-ist-das-und-wie-funktioniert-sie\">Klebefolie gegen UV-Strahlen: Was ist das und wie funktioniert sie?<\/a><\/li><li class=\"\"><a href=\"#uv-schutzende-klebefolien-hitzeschutz\">UV-sch\u00fctzende Klebefolien: Hitzeschutz<\/a><\/li><li class=\"\"><a href=\"#uv-schutzende-klebefolien-ein-beispiel-fur-die-anwendung\">UV-sch\u00fctzende Klebefolien: Ein Beispiel f\u00fcr die Anwendung<\/a><\/li><\/ul><\/nav><\/div>\n\n\n\n<p>Vielleicht haben Sie noch nie vom <strong>Verblassen der Farben<\/strong> geh\u00f6rt, aber Sie haben sicherlich bemerkt, wie die M\u00f6bel in Ihrem Zuhause verblassen oder vergilben, wenn sie der Sonneneinstrahlung ausgesetzt sind, die durch das <a href=\"https:\/\/serisolar.com\/de\/wie-man-fenster-vor-kalte-isoliert\/\">Fenster<\/a> f\u00e4llt. Wenn Sie dann einen <strong>Laden<\/strong> haben, wissen Sie genau, dass die Ware im <strong><a href=\"https:\/\/serisolar.com\/de\/transparente-folien-fur-schaufenster\/\">Schaufenster<\/a><\/strong> diesem schnellen &#8222;Altern&#8220; unterliegt. Wie kann man das l\u00f6sen? Das Abdecken des Fensters ist sicherlich wirksam, w\u00fcrde Sie jedoch des nat\u00fcrlichen Lichts berauben und Ihnen die M\u00f6glichkeit nehmen, nach drau\u00dfen zu sehen. Im Fall des Schaufensters ist diese L\u00f6sung jedoch nicht gerade praktikabel. Was ist also zu tun? Das Aufbringen einer <strong>UV-best\u00e4ndigen Klebefolie<\/strong> ist die L\u00f6sung, die f\u00fcr Sie geeignet ist. Lassen Sie uns Ihnen alles \u00fcber dieses Produkt erz\u00e4hlen.<\/p>\n\n\n\n<h2 class=\"wp-block-heading\" id=\"die-uv-bestandige-klebefolie-gegen-das-verblassen-der-farben\">Die UV-best\u00e4ndige Klebefolie gegen das Verblassen der Farben<\/h2>\n\n\n\n<p>Lassen Sie uns zun\u00e4chst das Problem betrachten. Das Verblassen und Vergilben wird als Verblassen der Farben bezeichnet. Was sind die Ursachen? Die Schuldigen sind die <strong>UV-Strahlen<\/strong> (Ultraviolettstrahlen), die die farbigen Pigmente abbauen.<\/p>\n\n\n\n<p>Dieses Ph\u00e4nomen kann betreffen:<\/p>\n\n\n\n<ul class=\"wp-block-list\">\n<li>Fu\u00dfb\u00f6den<\/li>\n\n\n\n<li>Teppiche<\/li>\n\n\n\n<li>M\u00f6bel<\/li>\n\n\n\n<li>Sofas<\/li>\n\n\n\n<li>Dekorationsgegenst\u00e4nde<\/li>\n\n\n\n<li>Kunstwerke<\/li>\n\n\n\n<li>Kleidung<\/li>\n<\/ul>\n\n\n\n<p>Die Angelegenheit ist besonders ernst f\u00fcr Einzelh\u00e4ndler, die gezwungen sind, die ausgestellte Ware h\u00e4ufig auszutauschen oder sie unwiderruflich besch\u00e4digt zu sehen.<\/p>\n\n\n\n<figure class=\"wp-block-image size-full\"><img loading=\"lazy\" decoding=\"async\" width=\"838\" height=\"571\" src=\"https:\/\/serisolar.com\/wp-content\/uploads\/2024\/01\/77803493_s.jpg\" alt=\"UV-sch\u00fctzende Klebefolien\" class=\"wp-image-1887\" title=\"\" srcset=\"https:\/\/serisolar.com\/wp-content\/uploads\/2024\/01\/77803493_s.jpg 838w, https:\/\/serisolar.com\/wp-content\/uploads\/2024\/01\/77803493_s-600x409.jpg 600w, https:\/\/serisolar.com\/wp-content\/uploads\/2024\/01\/77803493_s-300x204.jpg 300w, https:\/\/serisolar.com\/wp-content\/uploads\/2024\/01\/77803493_s-768x523.jpg 768w\" sizes=\"auto, (max-width: 838px) 100vw, 838px\" \/><\/figure>\n\n\n\n<h2 class=\"wp-block-heading\" id=\"klebefolie-gegen-uv-strahlen-was-ist-das-und-wie-funktioniert-sie\">Klebefolie gegen UV-Strahlen: Was ist das und wie funktioniert sie?<\/h2>\n\n\n\n<p>Wenn Sie die Transparenz des Glases erhalten m\u00f6chten, bleibt Ihnen nichts anderes \u00fcbrig, als auf eine UV-best\u00e4ndige Klebefolie zur\u00fcckzugreifen. Es handelt sich um eine \u00e4u\u00dferst <strong>d\u00fcnne Folie<\/strong> aus <strong><a href=\"https:\/\/de.wikipedia.org\/wiki\/Polyester\" target=\"_blank\" rel=\"noreferrer noopener\">Polyester<\/a><\/strong> mit einer Klebeschicht, die eine einfache und schnelle Anwendung erm\u00f6glicht.<\/p>\n\n\n\n<p>Die Membran funktioniert wie ein Filter: Sie l\u00e4sst Licht durch, erm\u00f6glicht die Sicht durch das Glas, blockiert jedoch <strong>mehr als 99%<\/strong> der ultravioletten Strahlen und <strong>verringert<\/strong> <strong>somit<\/strong> das Problem des Verblassens der Farben erheblich.<\/p>\n\n\n\n<figure class=\"wp-block-image size-full\"><img loading=\"lazy\" decoding=\"async\" width=\"1024\" height=\"472\" src=\"https:\/\/serisolar.com\/wp-content\/uploads\/2024\/01\/20200727_152307.jpg\" alt=\"Pellicola Adesiva Anti UVUV-sch\u00fctzende Klebefolien\" class=\"wp-image-1888\" title=\"\" srcset=\"https:\/\/serisolar.com\/wp-content\/uploads\/2024\/01\/20200727_152307.jpg 1024w, https:\/\/serisolar.com\/wp-content\/uploads\/2024\/01\/20200727_152307-600x277.jpg 600w, https:\/\/serisolar.com\/wp-content\/uploads\/2024\/01\/20200727_152307-300x138.jpg 300w, https:\/\/serisolar.com\/wp-content\/uploads\/2024\/01\/20200727_152307-768x354.jpg 768w\" sizes=\"auto, (max-width: 1024px) 100vw, 1024px\" \/><\/figure>\n\n\n\n<h2 class=\"wp-block-heading\" id=\"uv-schutzende-klebefolien-hitzeschutz\">UV-sch\u00fctzende Klebefolien: Hitzeschutz<\/h2>\n\n\n\n<p>Die <strong>UV-sch\u00fctzenden Folien<\/strong> dienen auch als Schutz vor <strong><a href=\"https:\/\/de.wikipedia.org\/wiki\/Infrarotstrahlung\" target=\"_blank\" rel=\"noreferrer noopener\">Infrarotstrahlen<\/a><\/strong>, die f\u00fcr den Treibhauseffekt in Innenr\u00e4umen verantwortlich sind. Das bedeutet, dass Sie im Sommer von einer k\u00fchleren Temperatur profitieren k\u00f6nnen.<\/p>\n\n\n\n<p>Auf diese Weise l\u00f6sen Sie gleichzeitig das Problem der \u00dcberhitzung und k\u00f6nnen erhebliche <strong>Einsparungen<\/strong> (sowohl energetisch als auch wirtschaftlich) bei den K\u00fchlkosten erzielen.<\/p>\n\n\n\n<figure class=\"wp-block-image size-full\"><img loading=\"lazy\" decoding=\"async\" width=\"640\" height=\"480\" src=\"https:\/\/serisolar.com\/wp-content\/uploads\/2024\/01\/3d2be0e3-3474-4204-a285-b5074b24e2a9.jpeg\" alt=\"UV-sch\u00fctzende Klebefolien\" class=\"wp-image-1889\" title=\"\" srcset=\"https:\/\/serisolar.com\/wp-content\/uploads\/2024\/01\/3d2be0e3-3474-4204-a285-b5074b24e2a9.jpeg 640w, https:\/\/serisolar.com\/wp-content\/uploads\/2024\/01\/3d2be0e3-3474-4204-a285-b5074b24e2a9-600x450.jpeg 600w, https:\/\/serisolar.com\/wp-content\/uploads\/2024\/01\/3d2be0e3-3474-4204-a285-b5074b24e2a9-300x225.jpeg 300w\" sizes=\"auto, (max-width: 640px) 100vw, 640px\" \/><\/figure>\n\n\n\n<h2 class=\"wp-block-heading\" id=\"uv-schutzende-klebefolien-ein-beispiel-fur-die-anwendung\">UV-sch\u00fctzende Klebefolien: Ein Beispiel f\u00fcr die Anwendung<\/h2>\n\n\n\n<p>Die Membranen gegen das <a href=\"https:\/\/serisolar.com\/de\/uv-schutzfolien\/\">Verblassen von Farben<\/a> erweisen sich als nahezu unverzichtbare Verb\u00fcndete f\u00fcr <strong>historische Geb\u00e4ude<\/strong> und im Allgemeinen f\u00fcr Strukturen, die <strong>architektonischen Einschr\u00e4nkungen <\/strong>unterliegen.<\/p>\n\n\n\n<p>In solchen F\u00e4llen ist es nicht m\u00f6glich, traditionelle Sonnenschutzsysteme wie Jalousien und Fensterl\u00e4den zu installieren oder <a href=\"https:\/\/serisolar.com\/de\/markisen-oder-sonnenschutzfolien\/\">Markisen<\/a> anzubringen. Durch das Anbringen der Klebefolien ist dies jedoch nicht erforderlich, da die Innenr\u00e4ume dennoch gesch\u00fctzt sind und gleichzeitig mit nat\u00fcrlichem Licht beleuchtet werden.<\/p>\n\n\n\n<p>Denken Sie, dass UV-sch\u00fctzende Klebefolien f\u00fcr Sie geeignet sein k\u00f6nnten? Beachten Sie, dass wir von <strong>Serisolar<\/strong> die besten auf dem Markt erh\u00e4ltlichen Produkte vertreiben und in ganz Italien anwenden. <strong>Kontaktieren Sie uns<\/strong>, und wir bieten Ihnen unsere \u00fcber zwanzigj\u00e4hrige Erfahrung an, um Ihnen bei der Suche nach der idealen L\u00f6sung f\u00fcr Ihre Bed\u00fcrfnisse zu helfen.<\/p>\n","protected":false},"excerpt":{"rendered":"<p>Heute stellen wir Ihnen dieses Produkt vor, das auf Glas aufgetragen wird und in der Lage ist, die Farben von allem zu erhalten, was der Sonne ausgesetzt ist. Vielleicht haben Sie noch&#8230;<\/p>\n","protected":false},"author":1,"featured_media":2829,"comment_status":"closed","ping_status":"closed","sticky":false,"template":"","format":"standard","meta":{"_acf_changed":false,"footnotes":""},"categories":[],"tags":[],"class_list":["post-5653","post","type-post","status-publish","format-standard","has-post-thumbnail"],"acf":[],"_links":{"self":[{"href":"https:\/\/serisolar.com\/de\/wp-json\/wp\/v2\/posts\/5653","targetHints":{"allow":["GET"]}}],"collection":[{"href":"https:\/\/serisolar.com\/de\/wp-json\/wp\/v2\/posts"}],"about":[{"href":"https:\/\/serisolar.com\/de\/wp-json\/wp\/v2\/types\/post"}],"author":[{"embeddable":true,"href":"https:\/\/serisolar.com\/de\/wp-json\/wp\/v2\/users\/1"}],"replies":[{"embeddable":true,"href":"https:\/\/serisolar.com\/de\/wp-json\/wp\/v2\/comments?post=5653"}],"version-history":[{"count":0,"href":"https:\/\/serisolar.com\/de\/wp-json\/wp\/v2\/posts\/5653\/revisions"}],"wp:featuredmedia":[{"embeddable":true,"href":"https:\/\/serisolar.com\/de\/wp-json\/wp\/v2\/media\/2829"}],"wp:attachment":[{"href":"https:\/\/serisolar.com\/de\/wp-json\/wp\/v2\/media?parent=5653"}],"wp:term":[{"taxonomy":"category","embeddable":true,"href":"https:\/\/serisolar.com\/de\/wp-json\/wp\/v2\/categories?post=5653"},{"taxonomy":"post_tag","embeddable":true,"href":"https:\/\/serisolar.com\/de\/wp-json\/wp\/v2\/tags?post=5653"}],"curies":[{"name":"wp","href":"https:\/\/api.w.org\/{rel}","templated":true}]}}